{"id":374,"date":"2022-04-10T12:31:01","date_gmt":"2022-04-10T11:31:01","guid":{"rendered":"https:\/\/hundehilfe-rheinland.de\/?p=374"},"modified":"2023-05-23T19:50:49","modified_gmt":"2023-05-23T18:50:49","slug":"samson-ruede-13-jahre","status":"publish","type":"post","link":"https:\/\/hundehilfe-rheinland.de\/?p=374","title":{"rendered":"Samson, R\u00fcde &#8211; 13 Jahre"},"content":{"rendered":"\n<figure class=\"wp-block-gallery has-nested-images columns-default is-cropped wp-block-gallery-1 is-layout-flex wp-block-gallery-is-layout-flex\">\n<figure class=\"wp-block-image size-large is-style-default\"><img loading=\"lazy\" decoding=\"async\" width=\"768\" height=\"1024\" data-id=\"377\" src=\"https:\/\/hundehilfe-rheinland.de\/wp-content\/uploads\/2022\/04\/samson1-768x1024.jpg\" alt=\"\" class=\"wp-image-377\" srcset=\"https:\/\/hundehilfe-rheinland.de\/wp-content\/uploads\/2022\/04\/samson1-768x1024.jpg 768w, https:\/\/hundehilfe-rheinland.de\/wp-content\/uploads\/2022\/04\/samson1-225x300.jpg 225w, https:\/\/hundehilfe-rheinland.de\/wp-content\/uploads\/2022\/04\/samson1-1152x1536.jpg 1152w, https:\/\/hundehilfe-rheinland.de\/wp-content\/uploads\/2022\/04\/samson1-45x60.jpg 45w, https:\/\/hundehilfe-rheinland.de\/wp-content\/uploads\/2022\/04\/samson1.jpg 1536w\" sizes=\"auto, (max-width: 768px) 100vw, 768px\" \/><\/figure>\n\n\n\n<figure class=\"wp-block-image size-large is-style-default\"><img loading=\"lazy\" decoding=\"async\" width=\"768\" height=\"1024\" data-id=\"378\" src=\"https:\/\/hundehilfe-rheinland.de\/wp-content\/uploads\/2022\/04\/samson2-768x1024.jpg\" alt=\"\" class=\"wp-image-378\" srcset=\"https:\/\/hundehilfe-rheinland.de\/wp-content\/uploads\/2022\/04\/samson2-768x1024.jpg 768w, https:\/\/hundehilfe-rheinland.de\/wp-content\/uploads\/2022\/04\/samson2-225x300.jpg 225w, https:\/\/hundehilfe-rheinland.de\/wp-content\/uploads\/2022\/04\/samson2-1152x1536.jpg 1152w, https:\/\/hundehilfe-rheinland.de\/wp-content\/uploads\/2022\/04\/samson2-45x60.jpg 45w, https:\/\/hundehilfe-rheinland.de\/wp-content\/uploads\/2022\/04\/samson2.jpg 1536w\" sizes=\"auto, (max-width: 768px) 100vw, 768px\" \/><\/figure>\n\n\n\n<figure class=\"wp-block-image size-large is-style-default\"><img loading=\"lazy\" decoding=\"async\" width=\"720\" height=\"1280\" data-id=\"376\" src=\"https:\/\/hundehilfe-rheinland.de\/wp-content\/uploads\/2022\/04\/samson3.jpg\" alt=\"\" class=\"wp-image-376\" srcset=\"https:\/\/hundehilfe-rheinland.de\/wp-content\/uploads\/2022\/04\/samson3.jpg 720w, https:\/\/hundehilfe-rheinland.de\/wp-content\/uploads\/2022\/04\/samson3-169x300.jpg 169w, https:\/\/hundehilfe-rheinland.de\/wp-content\/uploads\/2022\/04\/samson3-576x1024.jpg 576w, https:\/\/hundehilfe-rheinland.de\/wp-content\/uploads\/2022\/04\/samson3-34x60.jpg 34w\" sizes=\"auto, (max-width: 720px) 100vw, 720px\" \/><\/figure>\n<\/figure>\n\n\n\n<p>Geschlecht: m\u00e4nnlich<br>Geboren: 07\/2009<br>Gr\u00f6\u00dfe: 55 &#8211; 60 cm<br>Gewicht: 28-30 kg (gesch\u00e4tzt)<br>Gerettet: 10\/2019<br>Vertr\u00e4glich mit Artgenossen: vertr\u00e4glich mit Artgenossen<br>Verhalten Menschen gegen\u00fcber: lieb &#8211; nicht sehr selbstbewusst &#8211; empfindsam &#8211; geduldig<br>Shelter: Alina 2<br>Chip: 642099000715723<br>Shelter: Lina &#8211; Aufenthaltsort: Rum\u00e4nien \/ N\u00e4he Bukarest<\/p>\n\n\n\n<p>Die Zeit verstreicht, <img loading=\"lazy\" decoding=\"async\" height=\"16\" width=\"16\" src=\"https:\/\/static.xx.fbcdn.net\/images\/emoji.php\/v9\/t69\/1\/16\/1f331.png\" alt=\"\ud83c\udf31\"><img loading=\"lazy\" decoding=\"async\" height=\"16\" width=\"16\" src=\"https:\/\/static.xx.fbcdn.net\/images\/emoji.php\/v9\/t1a\/1\/16\/1f33b.png\" alt=\"\ud83c\udf3b\"><img loading=\"lazy\" decoding=\"async\" height=\"16\" width=\"16\" src=\"https:\/\/static.xx.fbcdn.net\/images\/emoji.php\/v9\/t89\/1\/16\/1f342.png\" alt=\"\ud83c\udf42\"> in der unser Sp\u00e4t-Hipster noch die Chance auf einen Neuanfang hat. W\u00fcnschen w\u00fcrden wir es dem h\u00fcbschen Wuschel sehr, der nun schon seit fast 3 Jahren konstant \u00fcbersehen wird. Dabei ist er \u2013 bis auf eine etwas aufwendigere Fellpflege &#8211; vollkommen unkompliziert. Samson mag Menschen und hat keinerlei Scheu. Artgenossen <img loading=\"lazy\" decoding=\"async\" height=\"16\" width=\"16\" src=\"https:\/\/static.xx.fbcdn.net\/images\/emoji.php\/v9\/t70\/1\/16\/1f415.png\" alt=\"\ud83d\udc15\"><img loading=\"lazy\" decoding=\"async\" height=\"16\" width=\"16\" src=\"https:\/\/static.xx.fbcdn.net\/images\/emoji.php\/v9\/t13\/1\/16\/1f429.png\" alt=\"\ud83d\udc29\"> findet er super und legt dabei Wert auf ein nettes Miteinander.<img loading=\"lazy\" decoding=\"async\" height=\"16\" width=\"16\" src=\"https:\/\/static.xx.fbcdn.net\/images\/emoji.php\/v9\/t61\/1\/16\/270c.png\" alt=\"\u270c\ufe0f\"> Trotz seines nicht mehr jugendlichen Alters ist er ein aktiver Hund. <img loading=\"lazy\" decoding=\"async\" height=\"16\" width=\"16\" src=\"https:\/\/static.xx.fbcdn.net\/images\/emoji.php\/v9\/t6b\/1\/16\/1f333.png\" alt=\"\ud83c\udf33\"><img loading=\"lazy\" decoding=\"async\" height=\"16\" width=\"16\" src=\"https:\/\/static.xx.fbcdn.net\/images\/emoji.php\/v9\/ta\/1\/16\/1f343.png\" alt=\"\ud83c\udf43\"> Wald &amp; Wiese &#8211; in einer ausgewogenen Mischung &#8211; mit Heim &amp; Couch <img loading=\"lazy\" decoding=\"async\" height=\"16\" width=\"16\" src=\"https:\/\/static.xx.fbcdn.net\/images\/emoji.php\/v9\/tf6\/1\/16\/1f3e0.png\" alt=\"\ud83c\udfe0\"><img loading=\"lazy\" decoding=\"async\" height=\"16\" width=\"16\" src=\"https:\/\/static.xx.fbcdn.net\/images\/emoji.php\/v9\/tad\/1\/16\/1f6cb.png\" alt=\"\ud83d\udecb\"> w\u00e4ren sicher genau sein Ding! Als Highlight noch etwas Liebe <img loading=\"lazy\" decoding=\"async\" height=\"16\" width=\"16\" src=\"https:\/\/static.xx.fbcdn.net\/images\/emoji.php\/v9\/t6c\/1\/16\/2764.png\" alt=\"\u2764\ufe0f\"> &amp; viele Streicheleinheiten <img loading=\"lazy\" decoding=\"async\" height=\"16\" width=\"16\" src=\"https:\/\/static.xx.fbcdn.net\/images\/emoji.php\/v9\/t76\/1\/16\/1f48b.png\" alt=\"\ud83d\udc8b\"><img loading=\"lazy\" decoding=\"async\" height=\"16\" width=\"16\" src=\"https:\/\/static.xx.fbcdn.net\/images\/emoji.php\/v9\/t76\/1\/16\/1f48b.png\" alt=\"\ud83d\udc8b\"><img loading=\"lazy\" decoding=\"async\" height=\"16\" width=\"16\" src=\"https:\/\/static.xx.fbcdn.net\/images\/emoji.php\/v9\/t76\/1\/16\/1f48b.png\" alt=\"\ud83d\udc8b\"> und der Rest seines Lebens w\u00e4re perfekt&#8230; und k\u00f6nnte dann quasi jetzt auch bitte beginnen. Vielleicht magst Du ja genau dieselbe Mischung? Oder Du hast bereits einen Hund mit \u00e4hnlichen Bed\u00fcrfnissen, der gerne einen coolen Kumpel h\u00e4tte. Dann ist Samson Dein Hund &#8230; oder eben der Hund von Deinem Hund!Wie dem auch sei, Du brauchst eigentlich nur noch Kontakt mit uns aufnehmen. Am besten heute noch, denn allzu viel Zeit hat Samson einfach nicht mehr. <img loading=\"lazy\" decoding=\"async\" height=\"16\" width=\"16\" src=\"https:\/\/static.xx.fbcdn.net\/images\/emoji.php\/v9\/tb7\/1\/16\/23f3.png\" alt=\"\u23f3\"> Wir schicken unseren Wunsch nach genau Dir (und evtl. dem bereits vorhandenen Hund) auf jeden Fall jetzt <img loading=\"lazy\" decoding=\"async\" height=\"16\" width=\"16\" src=\"https:\/\/static.xx.fbcdn.net\/images\/emoji.php\/v9\/tc6\/1\/16\/1f680.png\" alt=\"\ud83d\ude80\"> zum Universum&#8230;damit er endlich Zuhause ankommen kann, f\u00fcr den Winter seines Lebens! <img loading=\"lazy\" decoding=\"async\" height=\"16\" width=\"16\" src=\"https:\/\/static.xx.fbcdn.net\/images\/emoji.php\/v9\/t70\/1\/16\/1f415.png\" alt=\"\ud83d\udc15\"><img loading=\"lazy\" decoding=\"async\" height=\"16\" width=\"16\" src=\"https:\/\/static.xx.fbcdn.net\/images\/emoji.php\/v9\/tf6\/1\/16\/1f3e0.png\" alt=\"\ud83c\udfe0\"><img loading=\"lazy\" decoding=\"async\" height=\"16\" width=\"16\" src=\"https:\/\/static.xx.fbcdn.net\/images\/emoji.php\/v9\/t6c\/1\/16\/2764.png\" alt=\"\u2764\ufe0f\"><\/p>\n\n\n\n<p>Zu \u201eSamsons\u201c Album geht es hier: <a href=\"https:\/\/www.facebook.com\/media\/set?vanity=HundehilfeRheinland&amp;set=a.3012071872143221&amp;__cft__[0]=AZWHwvncx5ATtHfmSGVIqwtV4rncrSQhA-MO0TxmTK0tLNk_fNzyoVue6DFnJXPHVb38d1H8vgAg8ukVaLL3WtvDPescc3hYn_TSqL0dqBCuaWFqEM989bDtmtZqR0wcYvFuqUqG7-wt7XgnmSskucjn&amp;__tn__=-UK-R\" target=\"_blank\" rel=\"noreferrer noopener\">https:\/\/www.facebook.com\/media\/set&#8230;<\/a><\/p>\n\n\n\n<p>Falls Du Interesse an diesem Hund hast, dann dann <a href=\"https:\/\/hundehilfe-rheinland.de\/?page_id=11\" data-type=\"page\" data-id=\"11\">kontaktiere <\/a>uns bitte.<\/p>\n","protected":false},"excerpt":{"rendered":"<p>Geschlecht: m\u00e4nnlich<br \/>\nGeboren: 07\/2009<br \/>\nGr\u00f6\u00dfe: 55 &#8211; 60 cm<br \/>\nGewicht: 28-30 kg (gesch\u00e4tzt)<br \/>\nGerettet: 10\/2019<\/p>\n","protected":false},"author":3,"featured_media":379,"comment_status":"closed","ping_status":"closed","sticky":false,"template":"","format":"standard","meta":{"_uag_custom_page_level_css":"","footnotes":""},"categories":[5,20,8],"tags":[],"class_list":["post-374","post","type-post","status-publish","format-standard","has-post-thumbnail","hentry","category-2-rueden","category-rueden-1-7-jahre","category-5-senioren"],"featured_image_src":"https:\/\/hundehilfe-rheinland.de\/wp-content\/uploads\/2022\/04\/samson4-e1657657507570.jpg","author_info":{"display_name":"Martina","author_link":"https:\/\/hundehilfe-rheinland.de\/?author=3"},"uagb_featured_image_src":{"full":["https:\/\/hundehilfe-rheinland.de\/wp-content\/uploads\/2022\/04\/samson4-e1657657507570.jpg",1536,952,false],"thumbnail":["https:\/\/hundehilfe-rheinland.de\/wp-content\/uploads\/2022\/04\/samson4-e1657657507570-150x150.jpg",150,150,true],"medium":["https:\/\/hundehilfe-rheinland.de\/wp-content\/uploads\/2022\/04\/samson4-e1657657507570-300x186.jpg",300,186,true],"medium_large":["https:\/\/hundehilfe-rheinland.de\/wp-content\/uploads\/2022\/04\/samson4-e1657657507570-768x476.jpg",768,476,true],"large":["https:\/\/hundehilfe-rheinland.de\/wp-content\/uploads\/2022\/04\/samson4-e1657657507570-1024x635.jpg",925,574,true],"1536x1536":["https:\/\/hundehilfe-rheinland.de\/wp-content\/uploads\/2022\/04\/samson4-1152x1536.jpg",1152,1536,true],"2048x2048":["https:\/\/hundehilfe-rheinland.de\/wp-content\/uploads\/2022\/04\/samson4-e1657657507570.jpg",1536,952,false],"blossom-fashion-slider":["https:\/\/hundehilfe-rheinland.de\/wp-content\/uploads\/2022\/04\/samson4-e1657657507570-1536x760.jpg",1536,760,true],"blossom-fashion-featured":["https:\/\/hundehilfe-rheinland.de\/wp-content\/uploads\/2022\/04\/samson4-e1657657507570-400x230.jpg",400,230,true],"blossom-fashion-with-sidebar":["https:\/\/hundehilfe-rheinland.de\/wp-content\/uploads\/2022\/04\/samson4-e1657657507570-925x540.jpg",925,540,true],"blossom-fashion-fullwidth":["https:\/\/hundehilfe-rheinland.de\/wp-content\/uploads\/2022\/04\/samson4-e1657657507570-1320x540.jpg",1320,540,true],"blossom-fashion-blog-home":["https:\/\/hundehilfe-rheinland.de\/wp-content\/uploads\/2022\/04\/samson4-e1657657507570-435x332.jpg",435,332,true],"blossom-fashion-blog-archive":["https:\/\/hundehilfe-rheinland.de\/wp-content\/uploads\/2022\/04\/samson4-e1657657507570-260x200.jpg",260,200,true],"blossom-fashion-related":["https:\/\/hundehilfe-rheinland.de\/wp-content\/uploads\/2022\/04\/samson4-e1657657507570-300x232.jpg",300,232,true],"blossom-fashion-popular":["https:\/\/hundehilfe-rheinland.de\/wp-content\/uploads\/2022\/04\/samson4-e1657657507570-280x215.jpg",280,215,true],"blossom-fashion-schema":["https:\/\/hundehilfe-rheinland.de\/wp-content\/uploads\/2022\/04\/samson4-e1657657507570-97x60.jpg",97,60,true],"blossom-fashion-shop":["https:\/\/hundehilfe-rheinland.de\/wp-content\/uploads\/2022\/04\/samson4-e1657657507570-293x400.jpg",293,400,true]},"uagb_author_info":{"display_name":"Martina","author_link":"https:\/\/hundehilfe-rheinland.de\/?author=3"},"uagb_comment_info":0,"uagb_excerpt":"Geschlecht: m\u00e4nnlich Geboren: 07\/2009 Gr\u00f6\u00dfe: 55 - 60 cm Gewicht: 28-30 kg (gesch\u00e4tzt) Gerettet: 10\/2019","_links":{"self":[{"href":"https:\/\/hundehilfe-rheinland.de\/index.php?rest_route=\/wp\/v2\/posts\/374","targetHints":{"allow":["GET"]}}],"collection":[{"href":"https:\/\/hundehilfe-rheinland.de\/index.php?rest_route=\/wp\/v2\/posts"}],"about":[{"href":"https:\/\/hundehilfe-rheinland.de\/index.php?rest_route=\/wp\/v2\/types\/post"}],"author":[{"embeddable":true,"href":"https:\/\/hundehilfe-rheinland.de\/index.php?rest_route=\/wp\/v2\/users\/3"}],"replies":[{"embeddable":true,"href":"https:\/\/hundehilfe-rheinland.de\/index.php?rest_route=%2Fwp%2Fv2%2Fcomments&post=374"}],"version-history":[{"count":9,"href":"https:\/\/hundehilfe-rheinland.de\/index.php?rest_route=\/wp\/v2\/posts\/374\/revisions"}],"predecessor-version":[{"id":904,"href":"https:\/\/hundehilfe-rheinland.de\/index.php?rest_route=\/wp\/v2\/posts\/374\/revisions\/904"}],"wp:featuredmedia":[{"embeddable":true,"href":"https:\/\/hundehilfe-rheinland.de\/index.php?rest_route=\/wp\/v2\/media\/379"}],"wp:attachment":[{"href":"https:\/\/hundehilfe-rheinland.de\/index.php?rest_route=%2Fwp%2Fv2%2Fmedia&parent=374"}],"wp:term":[{"taxonomy":"category","embeddable":true,"href":"https:\/\/hundehilfe-rheinland.de\/index.php?rest_route=%2Fwp%2Fv2%2Fcategories&post=374"},{"taxonomy":"post_tag","embeddable":true,"href":"https:\/\/hundehilfe-rheinland.de\/index.php?rest_route=%2Fwp%2Fv2%2Ftags&post=374"}],"curies":[{"name":"wp","href":"https:\/\/api.w.org\/{rel}","templated":true}]}}